{"id":964,"date":"2021-01-11T07:19:39","date_gmt":"2021-01-11T06:19:39","guid":{"rendered":"https:\/\/therapeutic-impact.org\/?p=964"},"modified":"2021-01-11T07:23:08","modified_gmt":"2021-01-11T06:23:08","slug":"voeux-du-president-pour-lannee-2021","status":"publish","type":"post","link":"https:\/\/therapeutic-impact.org\/?p=964","title":{"rendered":"V\u0153ux du pr\u00e9sident pour l&rsquo;ann\u00e9e 2021!"},"content":{"rendered":"\n<p>Ce d\u00e9but d\u2019ann\u00e9e 2021, marque la fin d\u2019une ann\u00e9e 2020 bien compliqu\u00e9e. Je vous souhaite donc une excellente nouvelle ann\u00e9e. Je vous souhaite \u00e9galement tous mes v\u0153ux de r\u00e9ussite, de bonheur et de sant\u00e9 surtout\u00a0!<\/p>\n<p>Cette \u00e9trange ann\u00e9e a choqu\u00e9 le monde et chamboul\u00e9 de nombreux projets collectifs comme individuels. En France comme dans beaucoup de pays, de nombreuses personnes se sont confin\u00e9es non pas seulement pour eux, la maladie n\u2019\u00e9tant pas virulente de la m\u00eame fa\u00e7on pour tout le monde, mais aussi pour prot\u00e9ger leurs proches et les personnes les plus faibles. Cet acte d\u2019engagement et de bienveillance m\u00e9ritait d\u2019\u00eatre soulign\u00e9 et port\u00e9 en banni\u00e8re contre ce monde parfois trop individualiste.<\/p>\n<p>L\u2019association Therapeutic IMPACT a aussi \u00e9t\u00e9 affect\u00e9 par la crise sanitaire cette ann\u00e9e. Certains projets ont d\u00fb \u00eatre mis entre parenth\u00e8ses ou adapt\u00e9s.<\/p>\n<p>N\u00e9anmoins gr\u00e2ce \u00e0 la mobilisation de nos membres actifs, l\u2019association a pu quand m\u00eame \u00e9voluer et r\u00e9aliser plusieurs projets int\u00e9ressants. Un contrat de partenariat a pu \u00eatre sign\u00e9 avec HELIOS ce qui permettra de continuer de faire vivre l\u2019association ainsi que de financer de nouvelles \u00e9tudes du LITEC. En 2020, Therapeutic IMPACT a aussi voulu faire connaitre et devenir partenaire du projet La Fabrick.<\/p>\n<p>Je voulais remercier toutes les personnes qui nous ont soutenus durant cette ann\u00e9e. Un chiffre que j\u2019aime bien est le nombre d\u2019abonn\u00e9s sur Facebook, il grandit d\u2019ann\u00e9e en ann\u00e9e et montre que de plus en plus de personnes croient et soutiennent ce projet. Ce n\u2019est qu\u2019un chiffre, mais c\u2019est tr\u00e8s important pour nous de nous sentir soutenus et nous voulions vous remercier\u00a0! Un merci tout particulier \u00e0 Gerard Jabs d\u2019animer et faire vivre la page et le groupe facebook, je suis conscient que nous lui devons beaucoup\u00a0!<\/p>\n<p>Cette ann\u00e9e a aussi \u00e9t\u00e9 celle o\u00f9 nous avons subi par deux fois une attaque sur notre site internet. Heureusement gr\u00e2ce \u00e0 l\u2019intervention d\u2019Arthur Charles nous avons pu r\u00e9gler cela sans perdre nos informations. Nous avons \u00e9galement travaill\u00e9 pour s\u00e9curiser notre site internet. D\u00e9sormais, vous pouvez voir apparaitre un petit cadenas dans la barre de recherche lorsque vous \u00eates sur notre site\u00a0! Nous voulions donc encore une fois le remercier.<\/p>\n<p>Comme vous le voyez, l\u2019association grandit avec de plus en plus de partenaires, d\u2019adh\u00e9rents et d\u2019abonn\u00e9s. C\u2019est tout ce que je souhaite pour le futur, continuer de cr\u00e9er des liens solides avec diff\u00e9rents acteurs de confiance et de continuer\/faire \u00e9voluer nos projets actuels\u00a0!<\/p>\n<p>En cette nouvelle ann\u00e9e, nous nous engageons une nouvelle fois \u00e0 vous informer sur l\u2019\u00e9volution des diff\u00e9rents projets que nous soutenons.<\/p>\n<p>\u00a0<\/p>\n<p>Encore une fois, je vous remercie de votre soutien et vous souhaite une bonne ann\u00e9e 2021\u00a0!<\/p>\n<p>\u00a0<\/p>\n<p>Chaleureusement<\/p>\n<p>\u00a0<\/p>\n<p>Le pr\u00e9sident,<\/p>\n<p>\u00a0<\/p>\n<p>Ciriac CHARLES<\/p>\n","protected":false},"excerpt":{"rendered":"<p>Ce d\u00e9but d\u2019ann\u00e9e 2021, marque la fin d\u2019une ann\u00e9e 2020 bien compliqu\u00e9e. Je vous souhaite donc une excellente nouvelle ann\u00e9e. [&hellip;]<\/p>\n","protected":false},"author":1,"featured_media":966,"comment_status":"closed","ping_status":"closed","sticky":false,"template":"","format":"standard","meta":{"_acf_changed":false,"_exactmetrics_skip_tracking":false,"_exactmetrics_sitenote_active":false,"_exactmetrics_sitenote_note":"","_exactmetrics_sitenote_category":0,"footnotes":""},"categories":[1],"tags":[],"class_list":["post-964","post","type-post","status-publish","format-standard","has-post-thumbnail","hentry","category-non-classe"],"acf":[],"yoast_head":"<!-- This site is optimized with the Yoast SEO plugin v26.8 - https:\/\/yoast.com\/product\/yoast-seo-wordpress\/ -->\n<title>V\u0153ux du pr\u00e9sident pour l&#039;ann\u00e9e 2021! - Therapeutic Impact<\/title>\n<meta name=\"robots\" content=\"index, follow, max-snippet:-1, max-image-preview:large, max-video-preview:-1\" \/>\n<link rel=\"canonical\" href=\"https:\/\/therapeutic-impact.org\/?p=964\" \/>\n<meta property=\"og:locale\" content=\"fr_FR\" \/>\n<meta property=\"og:type\" content=\"article\" \/>\n<meta property=\"og:title\" content=\"V\u0153ux du pr\u00e9sident pour l&#039;ann\u00e9e 2021! - Therapeutic Impact\" \/>\n<meta property=\"og:description\" content=\"Ce d\u00e9but d\u2019ann\u00e9e 2021, marque la fin d\u2019une ann\u00e9e 2020 bien compliqu\u00e9e. Je vous souhaite donc une excellente nouvelle ann\u00e9e. [&hellip;]\" \/>\n<meta property=\"og:url\" content=\"https:\/\/therapeutic-impact.org\/?p=964\" \/>\n<meta property=\"og:site_name\" content=\"Therapeutic Impact\" \/>\n<meta property=\"article:publisher\" content=\"https:\/\/www.facebook.com\/Therapeutic.IMPACT\/?fref=ts\" \/>\n<meta property=\"article:published_time\" content=\"2021-01-11T06:19:39+00:00\" \/>\n<meta property=\"article:modified_time\" content=\"2021-01-11T06:23:08+00:00\" \/>\n<meta property=\"og:image\" content=\"https:\/\/therapeutic-impact.org\/wp-content\/uploads\/2021\/01\/2021.jpg\" \/>\n\t<meta property=\"og:image:width\" content=\"275\" \/>\n\t<meta property=\"og:image:height\" content=\"183\" \/>\n\t<meta property=\"og:image:type\" content=\"image\/jpeg\" \/>\n<meta name=\"author\" content=\"impact\" \/>\n<meta name=\"twitter:card\" content=\"summary_large_image\" \/>\n<meta name=\"twitter:creator\" content=\"@Therap_IMPACT\" \/>\n<meta name=\"twitter:site\" content=\"@Therap_IMPACT\" \/>\n<meta name=\"twitter:label1\" content=\"\u00c9crit par\" \/>\n\t<meta name=\"twitter:data1\" content=\"impact\" \/>\n\t<meta name=\"twitter:label2\" content=\"Dur\u00e9e de lecture estim\u00e9e\" \/>\n\t<meta name=\"twitter:data2\" content=\"2 minutes\" \/>\n<script type=\"application\/ld+json\" class=\"yoast-schema-graph\">{\"@context\":\"https:\/\/schema.org\",\"@graph\":[{\"@type\":\"Article\",\"@id\":\"https:\/\/therapeutic-impact.org\/?p=964#article\",\"isPartOf\":{\"@id\":\"https:\/\/therapeutic-impact.org\/?p=964\"},\"author\":{\"name\":\"impact\",\"@id\":\"https:\/\/therapeutic-impact.org\/#\/schema\/person\/577c4f353c057eed508d7160e8cf916f\"},\"headline\":\"V\u0153ux du pr\u00e9sident pour l&rsquo;ann\u00e9e 2021!\",\"datePublished\":\"2021-01-11T06:19:39+00:00\",\"dateModified\":\"2021-01-11T06:23:08+00:00\",\"mainEntityOfPage\":{\"@id\":\"https:\/\/therapeutic-impact.org\/?p=964\"},\"wordCount\":504,\"publisher\":{\"@id\":\"https:\/\/therapeutic-impact.org\/#organization\"},\"image\":{\"@id\":\"https:\/\/therapeutic-impact.org\/?p=964#primaryimage\"},\"thumbnailUrl\":\"https:\/\/therapeutic-impact.org\/wp-content\/uploads\/2021\/01\/2021.jpg\",\"inLanguage\":\"fr-FR\"},{\"@type\":\"WebPage\",\"@id\":\"https:\/\/therapeutic-impact.org\/?p=964\",\"url\":\"https:\/\/therapeutic-impact.org\/?p=964\",\"name\":\"V\u0153ux du pr\u00e9sident pour l'ann\u00e9e 2021! - Therapeutic Impact\",\"isPartOf\":{\"@id\":\"https:\/\/therapeutic-impact.org\/#website\"},\"primaryImageOfPage\":{\"@id\":\"https:\/\/therapeutic-impact.org\/?p=964#primaryimage\"},\"image\":{\"@id\":\"https:\/\/therapeutic-impact.org\/?p=964#primaryimage\"},\"thumbnailUrl\":\"https:\/\/therapeutic-impact.org\/wp-content\/uploads\/2021\/01\/2021.jpg\",\"datePublished\":\"2021-01-11T06:19:39+00:00\",\"dateModified\":\"2021-01-11T06:23:08+00:00\",\"breadcrumb\":{\"@id\":\"https:\/\/therapeutic-impact.org\/?p=964#breadcrumb\"},\"inLanguage\":\"fr-FR\",\"potentialAction\":[{\"@type\":\"ReadAction\",\"target\":[\"https:\/\/therapeutic-impact.org\/?p=964\"]}]},{\"@type\":\"ImageObject\",\"inLanguage\":\"fr-FR\",\"@id\":\"https:\/\/therapeutic-impact.org\/?p=964#primaryimage\",\"url\":\"https:\/\/therapeutic-impact.org\/wp-content\/uploads\/2021\/01\/2021.jpg\",\"contentUrl\":\"https:\/\/therapeutic-impact.org\/wp-content\/uploads\/2021\/01\/2021.jpg\",\"width\":275,\"height\":183},{\"@type\":\"BreadcrumbList\",\"@id\":\"https:\/\/therapeutic-impact.org\/?p=964#breadcrumb\",\"itemListElement\":[{\"@type\":\"ListItem\",\"position\":1,\"name\":\"Accueil\",\"item\":\"https:\/\/therapeutic-impact.org\/en\/\"},{\"@type\":\"ListItem\",\"position\":2,\"name\":\"V\u0153ux du pr\u00e9sident pour l&rsquo;ann\u00e9e 2021!\"}]},{\"@type\":\"WebSite\",\"@id\":\"https:\/\/therapeutic-impact.org\/#website\",\"url\":\"https:\/\/therapeutic-impact.org\/\",\"name\":\"Therapeutic Impact\",\"description\":\"from basic research to medicinal applications\",\"publisher\":{\"@id\":\"https:\/\/therapeutic-impact.org\/#organization\"},\"potentialAction\":[{\"@type\":\"SearchAction\",\"target\":{\"@type\":\"EntryPoint\",\"urlTemplate\":\"https:\/\/therapeutic-impact.org\/?s={search_term_string}\"},\"query-input\":{\"@type\":\"PropertyValueSpecification\",\"valueRequired\":true,\"valueName\":\"search_term_string\"}}],\"inLanguage\":\"fr-FR\"},{\"@type\":\"Organization\",\"@id\":\"https:\/\/therapeutic-impact.org\/#organization\",\"name\":\"Therapeutic Impact\",\"url\":\"https:\/\/therapeutic-impact.org\/\",\"logo\":{\"@type\":\"ImageObject\",\"inLanguage\":\"fr-FR\",\"@id\":\"https:\/\/therapeutic-impact.org\/#\/schema\/logo\/image\/\",\"url\":\"https:\/\/therapeutic-impact.org\/wp-content\/uploads\/2016\/01\/logo-120.png\",\"contentUrl\":\"https:\/\/therapeutic-impact.org\/wp-content\/uploads\/2016\/01\/logo-120.png\",\"width\":120,\"height\":39,\"caption\":\"Therapeutic Impact\"},\"image\":{\"@id\":\"https:\/\/therapeutic-impact.org\/#\/schema\/logo\/image\/\"},\"sameAs\":[\"https:\/\/www.facebook.com\/Therapeutic.IMPACT\/?fref=ts\",\"https:\/\/x.com\/Therap_IMPACT\",\"https:\/\/www.youtube.com\/channel\/UCBkbC8oHkDOTKqNHFKbTUMQ\"]},{\"@type\":\"Person\",\"@id\":\"https:\/\/therapeutic-impact.org\/#\/schema\/person\/577c4f353c057eed508d7160e8cf916f\",\"name\":\"impact\",\"url\":\"https:\/\/therapeutic-impact.org\/?author=1\"}]}<\/script>\n<!-- \/ Yoast SEO plugin. -->","yoast_head_json":{"title":"V\u0153ux du pr\u00e9sident pour l'ann\u00e9e 2021! - Therapeutic Impact","robots":{"index":"index","follow":"follow","max-snippet":"max-snippet:-1","max-image-preview":"max-image-preview:large","max-video-preview":"max-video-preview:-1"},"canonical":"https:\/\/therapeutic-impact.org\/?p=964","og_locale":"fr_FR","og_type":"article","og_title":"V\u0153ux du pr\u00e9sident pour l'ann\u00e9e 2021! - Therapeutic Impact","og_description":"Ce d\u00e9but d\u2019ann\u00e9e 2021, marque la fin d\u2019une ann\u00e9e 2020 bien compliqu\u00e9e. Je vous souhaite donc une excellente nouvelle ann\u00e9e. [&hellip;]","og_url":"https:\/\/therapeutic-impact.org\/?p=964","og_site_name":"Therapeutic Impact","article_publisher":"https:\/\/www.facebook.com\/Therapeutic.IMPACT\/?fref=ts","article_published_time":"2021-01-11T06:19:39+00:00","article_modified_time":"2021-01-11T06:23:08+00:00","og_image":[{"width":275,"height":183,"url":"https:\/\/therapeutic-impact.org\/wp-content\/uploads\/2021\/01\/2021.jpg","type":"image\/jpeg"}],"author":"impact","twitter_card":"summary_large_image","twitter_creator":"@Therap_IMPACT","twitter_site":"@Therap_IMPACT","twitter_misc":{"\u00c9crit par":"impact","Dur\u00e9e de lecture estim\u00e9e":"2 minutes"},"schema":{"@context":"https:\/\/schema.org","@graph":[{"@type":"Article","@id":"https:\/\/therapeutic-impact.org\/?p=964#article","isPartOf":{"@id":"https:\/\/therapeutic-impact.org\/?p=964"},"author":{"name":"impact","@id":"https:\/\/therapeutic-impact.org\/#\/schema\/person\/577c4f353c057eed508d7160e8cf916f"},"headline":"V\u0153ux du pr\u00e9sident pour l&rsquo;ann\u00e9e 2021!","datePublished":"2021-01-11T06:19:39+00:00","dateModified":"2021-01-11T06:23:08+00:00","mainEntityOfPage":{"@id":"https:\/\/therapeutic-impact.org\/?p=964"},"wordCount":504,"publisher":{"@id":"https:\/\/therapeutic-impact.org\/#organization"},"image":{"@id":"https:\/\/therapeutic-impact.org\/?p=964#primaryimage"},"thumbnailUrl":"https:\/\/therapeutic-impact.org\/wp-content\/uploads\/2021\/01\/2021.jpg","inLanguage":"fr-FR"},{"@type":"WebPage","@id":"https:\/\/therapeutic-impact.org\/?p=964","url":"https:\/\/therapeutic-impact.org\/?p=964","name":"V\u0153ux du pr\u00e9sident pour l'ann\u00e9e 2021! - Therapeutic Impact","isPartOf":{"@id":"https:\/\/therapeutic-impact.org\/#website"},"primaryImageOfPage":{"@id":"https:\/\/therapeutic-impact.org\/?p=964#primaryimage"},"image":{"@id":"https:\/\/therapeutic-impact.org\/?p=964#primaryimage"},"thumbnailUrl":"https:\/\/therapeutic-impact.org\/wp-content\/uploads\/2021\/01\/2021.jpg","datePublished":"2021-01-11T06:19:39+00:00","dateModified":"2021-01-11T06:23:08+00:00","breadcrumb":{"@id":"https:\/\/therapeutic-impact.org\/?p=964#breadcrumb"},"inLanguage":"fr-FR","potentialAction":[{"@type":"ReadAction","target":["https:\/\/therapeutic-impact.org\/?p=964"]}]},{"@type":"ImageObject","inLanguage":"fr-FR","@id":"https:\/\/therapeutic-impact.org\/?p=964#primaryimage","url":"https:\/\/therapeutic-impact.org\/wp-content\/uploads\/2021\/01\/2021.jpg","contentUrl":"https:\/\/therapeutic-impact.org\/wp-content\/uploads\/2021\/01\/2021.jpg","width":275,"height":183},{"@type":"BreadcrumbList","@id":"https:\/\/therapeutic-impact.org\/?p=964#breadcrumb","itemListElement":[{"@type":"ListItem","position":1,"name":"Accueil","item":"https:\/\/therapeutic-impact.org\/en\/"},{"@type":"ListItem","position":2,"name":"V\u0153ux du pr\u00e9sident pour l&rsquo;ann\u00e9e 2021!"}]},{"@type":"WebSite","@id":"https:\/\/therapeutic-impact.org\/#website","url":"https:\/\/therapeutic-impact.org\/","name":"Therapeutic Impact","description":"from basic research to medicinal applications","publisher":{"@id":"https:\/\/therapeutic-impact.org\/#organization"},"potentialAction":[{"@type":"SearchAction","target":{"@type":"EntryPoint","urlTemplate":"https:\/\/therapeutic-impact.org\/?s={search_term_string}"},"query-input":{"@type":"PropertyValueSpecification","valueRequired":true,"valueName":"search_term_string"}}],"inLanguage":"fr-FR"},{"@type":"Organization","@id":"https:\/\/therapeutic-impact.org\/#organization","name":"Therapeutic Impact","url":"https:\/\/therapeutic-impact.org\/","logo":{"@type":"ImageObject","inLanguage":"fr-FR","@id":"https:\/\/therapeutic-impact.org\/#\/schema\/logo\/image\/","url":"https:\/\/therapeutic-impact.org\/wp-content\/uploads\/2016\/01\/logo-120.png","contentUrl":"https:\/\/therapeutic-impact.org\/wp-content\/uploads\/2016\/01\/logo-120.png","width":120,"height":39,"caption":"Therapeutic Impact"},"image":{"@id":"https:\/\/therapeutic-impact.org\/#\/schema\/logo\/image\/"},"sameAs":["https:\/\/www.facebook.com\/Therapeutic.IMPACT\/?fref=ts","https:\/\/x.com\/Therap_IMPACT","https:\/\/www.youtube.com\/channel\/UCBkbC8oHkDOTKqNHFKbTUMQ"]},{"@type":"Person","@id":"https:\/\/therapeutic-impact.org\/#\/schema\/person\/577c4f353c057eed508d7160e8cf916f","name":"impact","url":"https:\/\/therapeutic-impact.org\/?author=1"}]}},"_links":{"self":[{"href":"https:\/\/therapeutic-impact.org\/index.php?rest_route=\/wp\/v2\/posts\/964","targetHints":{"allow":["GET"]}}],"collection":[{"href":"https:\/\/therapeutic-impact.org\/index.php?rest_route=\/wp\/v2\/posts"}],"about":[{"href":"https:\/\/therapeutic-impact.org\/index.php?rest_route=\/wp\/v2\/types\/post"}],"author":[{"embeddable":true,"href":"https:\/\/therapeutic-impact.org\/index.php?rest_route=\/wp\/v2\/users\/1"}],"replies":[{"embeddable":true,"href":"https:\/\/therapeutic-impact.org\/index.php?rest_route=%2Fwp%2Fv2%2Fcomments&post=964"}],"version-history":[{"count":1,"href":"https:\/\/therapeutic-impact.org\/index.php?rest_route=\/wp\/v2\/posts\/964\/revisions"}],"predecessor-version":[{"id":965,"href":"https:\/\/therapeutic-impact.org\/index.php?rest_route=\/wp\/v2\/posts\/964\/revisions\/965"}],"wp:featuredmedia":[{"embeddable":true,"href":"https:\/\/therapeutic-impact.org\/index.php?rest_route=\/wp\/v2\/media\/966"}],"wp:attachment":[{"href":"https:\/\/therapeutic-impact.org\/index.php?rest_route=%2Fwp%2Fv2%2Fmedia&parent=964"}],"wp:term":[{"taxonomy":"category","embeddable":true,"href":"https:\/\/therapeutic-impact.org\/index.php?rest_route=%2Fwp%2Fv2%2Fcategories&post=964"},{"taxonomy":"post_tag","embeddable":true,"href":"https:\/\/therapeutic-impact.org\/index.php?rest_route=%2Fwp%2Fv2%2Ftags&post=964"}],"curies":[{"name":"wp","href":"https:\/\/api.w.org\/{rel}","templated":true}]}}